{"id":49230,"date":"2022-06-22T15:25:21","date_gmt":"2022-06-22T13:25:21","guid":{"rendered":"https:\/\/royaldjurgarden.se\/i-vinter-forvandlas-grona-lund-till-winter-wonderland\/"},"modified":"2022-09-28T10:34:34","modified_gmt":"2022-09-28T08:34:34","slug":"i-vinter-forvandlas-grona-lund-till-winter-wonderland","status":"publish","type":"post","link":"https:\/\/royaldjurgarden.se\/en\/i-vinter-forvandlas-grona-lund-till-winter-wonderland\/","title":{"rendered":"New premier of Winter Wonderland on Gr\u00f6na Lund!"},"content":{"rendered":"<h2>Even though summer is just starting to come to an end here on Royal Djurg\u00e5rden, Gr\u00f6na Lund have jolly news for the coming winter season. For the first time ever, the amusement park will be open during the winter as it is transforming into a brand new Winter Wonderland!<\/h2>\n<p>From December 2:nd to January 8:th this year, the gates open to a magical winter wonderland. The sparkling park will be full of fairytales, exciting winter activities, fast-paced attractions and a magnificent lighting!<\/p>\n<p><em>Illustrations: Jakob Fagerstr\u00f6m\/Je Th\u00e8me Design<\/em><\/p>\n<p>&nbsp;<\/p>\n","protected":false},"excerpt":{"rendered":"<p>Even though summer is just starting to come to an end here on Royal Djurg\u00e5rden, Gr\u00f6na Lund have jolly news for the coming winter season. For the first time ever, the amusement park will be open during the winter as it is transforming into a brand new Winter Wonderland! From December 2:nd to January 8:th<\/p>\n","protected":false},"author":56,"featured_media":49665,"comment_status":"closed","ping_status":"closed","sticky":false,"template":"","format":"standard","meta":{"_acf_changed":false,"inline_featured_image":false,"footnotes":""},"categories":[1],"tags":[],"yst_prominent_words":[],"class_list":["post-49230","post","type-post","status-publish","format-standard","has-post-thumbnail","hentry","category-uncategorized"],"acf":[],"_links":{"self":[{"href":"https:\/\/royaldjurgarden.se\/en\/wp-json\/wp\/v2\/posts\/49230","targetHints":{"allow":["GET"]}}],"collection":[{"href":"https:\/\/royaldjurgarden.se\/en\/wp-json\/wp\/v2\/posts"}],"about":[{"href":"https:\/\/royaldjurgarden.se\/en\/wp-json\/wp\/v2\/types\/post"}],"author":[{"embeddable":true,"href":"https:\/\/royaldjurgarden.se\/en\/wp-json\/wp\/v2\/users\/56"}],"replies":[{"embeddable":true,"href":"https:\/\/royaldjurgarden.se\/en\/wp-json\/wp\/v2\/comments?post=49230"}],"version-history":[{"count":2,"href":"https:\/\/royaldjurgarden.se\/en\/wp-json\/wp\/v2\/posts\/49230\/revisions"}],"predecessor-version":[{"id":49666,"href":"https:\/\/royaldjurgarden.se\/en\/wp-json\/wp\/v2\/posts\/49230\/revisions\/49666"}],"wp:featuredmedia":[{"embeddable":true,"href":"https:\/\/royaldjurgarden.se\/en\/wp-json\/wp\/v2\/media\/49665"}],"wp:attachment":[{"href":"https:\/\/royaldjurgarden.se\/en\/wp-json\/wp\/v2\/media?parent=49230"}],"wp:term":[{"taxonomy":"category","embeddable":true,"href":"https:\/\/royaldjurgarden.se\/en\/wp-json\/wp\/v2\/categories?post=49230"},{"taxonomy":"post_tag","embeddable":true,"href":"https:\/\/royaldjurgarden.se\/en\/wp-json\/wp\/v2\/tags?post=49230"},{"taxonomy":"yst_prominent_words","embeddable":true,"href":"https:\/\/royaldjurgarden.se\/en\/wp-json\/wp\/v2\/yst_prominent_words?post=49230"}],"curies":[{"name":"wp","href":"https:\/\/api.w.org\/{rel}","templated":true}]}}